{"id":2432,"date":"2023-07-23T07:50:11","date_gmt":"2023-07-23T07:50:11","guid":{"rendered":"https:\/\/www.ikk.org.tr\/?p=2432"},"modified":"2023-07-23T07:50:11","modified_gmt":"2023-07-23T07:50:11","slug":"olaganustu-genel-kurul-duyurusu","status":"publish","type":"post","link":"https:\/\/ikk.org.tr\/en\/2023\/07\/23\/olaganustu-genel-kurul-duyurusu\/","title":{"rendered":"Ola\u011fan\u00fcst\u00fc genel kurul duyurusu"},"content":{"rendered":"<p>De\u011ferli \u00fcyemiz, y\u00f6netim kurulunca yeter say\u0131s\u0131 sa\u011flan\u0131rsa\u00a0 06\/08\/2023, sa\u011flanmazsa 13\/08\/2023 tarihinde saat 18.00&#8217;de ola\u011fan\u00fcst\u00fc genel kurul yapmam\u0131z gerekti\u011fi kararla\u015ft\u0131r\u0131lm\u0131\u015ft\u0131r.<br \/>\nKonum; ye\u015filvadi caddesi, saray sokak no:1\/A \u0130stanbul\/ Ba\u015fak\u015fehir ( Petek koleji)<\/p>\n<p>G\u00fcndemler<br \/>\nA\u00e7\u0131l\u0131\u015f ve yoklama ,<br \/>\nOrgan Se\u00e7imleri,<br \/>\nBa\u015fkan\u0131n konu\u015fmas\u0131,<br \/>\n7405 say\u0131l\u0131 kanuna uygun t\u00fcz\u00fck de\u011fi\u015fikli\u011fi ,<br \/>\nDernek stat\u00fcs\u00fcnden spor kul\u00fcb\u00fc stat\u00fcs\u00fcne ge\u00e7i\u015f i\u015flemlerinin de\u011ferlendirilmesi ve gerekli i\u015flemlerin yap\u0131lmas\u0131,<br \/>\nTemenniler<br \/>\nKapan\u0131\u015f<\/p>\n<p>Kat\u0131l\u0131m\u0131n\u0131z\u0131 \u00f6nemle rica ederiz.<\/p>\n<p>&nbsp;<\/p>\n<p>\u0130stanbul Kaykay Kul\u00fcb\u00fc Y\u00f6netimi.<\/p>\n","protected":false},"excerpt":{"rendered":"<p>De\u011ferli \u00fcyemiz, y\u00f6netim kurulunca yeter say\u0131s\u0131 sa\u011flan\u0131rsa\u00a0 06\/08\/2023, sa\u011flanmazsa 13\/08\/2023 tarihinde saat 18.00&#8217;de ola\u011fan\u00fcst\u00fc genel kurul yapmam\u0131z gerekti\u011fi kararla\u015ft\u0131r\u0131lm\u0131\u015ft\u0131r. Konum; ye\u015filvadi caddesi, saray sokak no:1\/A \u0130stanbul\/ Ba\u015fak\u015fehir ( Petek koleji) G\u00fcndemler A\u00e7\u0131l\u0131\u015f ve yoklama , Organ Se\u00e7imleri, Ba\u015fkan\u0131n konu\u015fmas\u0131, 7405 say\u0131l\u0131 kanuna uygun t\u00fcz\u00fck de\u011fi\u015fikli\u011fi , Dernek stat\u00fcs\u00fcnden spor kul\u00fcb\u00fc stat\u00fcs\u00fcne ge\u00e7i\u015f i\u015flemlerinin de\u011ferlendirilmesi ve [&hellip;]<\/p>\n","protected":false},"author":1,"featured_media":0,"comment_status":"open","ping_status":"open","sticky":false,"template":"","format":"standard","meta":{"_themeisle_gutenberg_block_has_review":false,"footnotes":""},"categories":[2],"tags":[11,14,15,26],"class_list":["post-2432","post","type-post","status-publish","format-standard","hentry","category-duyurular","tag-genel-kurul","tag-kanun","tag-kaykay","tag-tuzuk"],"_links":{"self":[{"href":"https:\/\/ikk.org.tr\/en\/wp-json\/wp\/v2\/posts\/2432","targetHints":{"allow":["GET"]}}],"collection":[{"href":"https:\/\/ikk.org.tr\/en\/wp-json\/wp\/v2\/posts"}],"about":[{"href":"https:\/\/ikk.org.tr\/en\/wp-json\/wp\/v2\/types\/post"}],"author":[{"embeddable":true,"href":"https:\/\/ikk.org.tr\/en\/wp-json\/wp\/v2\/users\/1"}],"replies":[{"embeddable":true,"href":"https:\/\/ikk.org.tr\/en\/wp-json\/wp\/v2\/comments?post=2432"}],"version-history":[{"count":0,"href":"https:\/\/ikk.org.tr\/en\/wp-json\/wp\/v2\/posts\/2432\/revisions"}],"wp:attachment":[{"href":"https:\/\/ikk.org.tr\/en\/wp-json\/wp\/v2\/media?parent=2432"}],"wp:term":[{"taxonomy":"category","embeddable":true,"href":"https:\/\/ikk.org.tr\/en\/wp-json\/wp\/v2\/categories?post=2432"},{"taxonomy":"post_tag","embeddable":true,"href":"https:\/\/ikk.org.tr\/en\/wp-json\/wp\/v2\/tags?post=2432"}],"curies":[{"name":"wp","href":"https:\/\/api.w.org\/{rel}","templated":true}]}}