{"id":2246,"date":"2021-10-01T13:41:02","date_gmt":"2021-10-01T13:41:02","guid":{"rendered":"https:\/\/www.ikk.org.tr\/?p=2246"},"modified":"2021-10-01T13:41:02","modified_gmt":"2021-10-01T13:41:02","slug":"turkiye-kaykay-sampiyonasi-park-disiplini-sonuclandi-24-26-eylul-2021","status":"publish","type":"post","link":"https:\/\/ikk.org.tr\/tr\/2021\/10\/01\/turkiye-kaykay-sampiyonasi-park-disiplini-sonuclandi-24-26-eylul-2021\/","title":{"rendered":"T\u00fcrkiye Kaykay \u015eampiyonas\u0131 &#8211; Park Disiplini Sonu\u00e7land\u0131 24-26 Eyl\u00fcl 2021"},"content":{"rendered":"<p><img loading=\"lazy\" decoding=\"async\" src=\"http:\/\/ikkwp-wordpress.malipetek.dev\/wp-content\/uploads\/2021\/10\/beylikduzu1.jpg\" sizes=\"auto, (max-width: 692px) 100vw, 692px\" srcset=\"http:\/\/ikkwp-wordpress.malipetek.dev\/wp-content\/uploads\/2021\/10\/beylikduzu1.jpg 692w, http:\/\/ikkwp-wordpress.malipetek.dev\/wp-content\/uploads\/2021\/10\/beylikduzu1-300x225.jpg 300w, http:\/\/ikkwp-wordpress.malipetek.dev\/wp-content\/uploads\/2021\/10\/beylikduzu1-370x278.jpg 370w, http:\/\/ikkwp-wordpress.malipetek.dev\/wp-content\/uploads\/2021\/10\/beylikduzu1-406x305.jpg 406w, http:\/\/ikkwp-wordpress.malipetek.dev\/wp-content\/uploads\/2021\/10\/beylikduzu1-600x451.jpg 600w, http:\/\/ikkwp-wordpress.malipetek.dev\/wp-content\/uploads\/2021\/10\/beylikduzu1-500x376.jpg 500w, http:\/\/ikkwp-wordpress.malipetek.dev\/wp-content\/uploads\/2021\/10\/beylikduzu1-400x301.jpg 400w, http:\/\/ikkwp-wordpress.malipetek.dev\/wp-content\/uploads\/2021\/10\/beylikduzu1-32x24.jpg 32w\" alt=\"\" width=\"692\" height=\"520\" \/><\/p>\n<p>T\u00fcrkiye Kaykay Federasyonu web sitesinde \u015fu \u015fekilde duyuruldu;<\/p>\n<p>&#8220;T\u00fcrkiye Kaykay Federasyonu ve Beylikd\u00fcz\u00fc Belediyesi ile birlikte d\u00fczenlenen ve T\u00fcrkiye&#8217;de ilk kez TRT Spor Y\u0131ld\u0131zdan canl\u0131 yay\u0131nlanan T\u00fcrkiye Kaykay \u015eampiyonas\u0131 &#8211; Park Disiplininde madalyalar sahiplerini buldu.<\/p>\n<p>Kad\u0131nlar Kategorisinde<br \/>\n1. Safa Merve Nal\u00e7ac\u0131<br \/>\n2. Hande Nur Uygun<br \/>\n3. Sadeg\u00fcl Ad\u0131g\u00fczel<\/p>\n<p>Erkekler Kategorisinde ise<br \/>\n1. Alparslan Ayhan<br \/>\n2. Furkan Ba\u015fer<br \/>\n3. Furkan Kaplan<\/p>\n<p>madalyalar\u0131n sahipleri oldu.<\/p>\n<p>\u015eampiyonan\u0131n ger\u00e7ekle\u015fmesinde desteklerini hi\u00e7bir zaman esirgemeyen Beylikd\u00fcz\u00fc Belediyesine, T\u00fcrkiye&#8217;de bir ilki ger\u00e7ekle\u015ftirerek Yar\u0131\u015fmam\u0131z\u0131 canl\u0131 yay\u0131nlayan TRT Spor Y\u0131ld\u0131z&#8217;a ve\u00a0 kat\u0131l\u0131mlar\u0131 i\u00e7in SPX ve Redbull&#8217;a da te\u015fekk\u00fcr ederiz.&#8221;<\/p>\n","protected":false},"excerpt":{"rendered":"<p>T\u00fcrkiye Kaykay Federasyonu web sitesinde \u015fu \u015fekilde duyuruldu; &#8220;T\u00fcrkiye Kaykay Federasyonu ve Beylikd\u00fcz\u00fc Belediyesi ile birlikte d\u00fczenlenen ve T\u00fcrkiye&#8217;de ilk kez TRT Spor Y\u0131ld\u0131zdan canl\u0131 yay\u0131nlanan T\u00fcrkiye Kaykay \u015eampiyonas\u0131 &#8211; Park Disiplininde madalyalar sahiplerini buldu. Kad\u0131nlar Kategorisinde 1. Safa Merve Nal\u00e7ac\u0131 2. Hande Nur Uygun 3. Sadeg\u00fcl Ad\u0131g\u00fczel Erkekler Kategorisinde ise 1. Alparslan Ayhan 2. [&hellip;]<\/p>\n","protected":false},"author":1,"featured_media":0,"comment_status":"open","ping_status":"open","sticky":false,"template":"","format":"image","meta":{"_themeisle_gutenberg_block_has_review":false,"footnotes":""},"categories":[3],"tags":[],"class_list":["post-2246","post","type-post","status-publish","format-image","hentry","category-haber","post_format-post-format-image"],"_links":{"self":[{"href":"https:\/\/ikk.org.tr\/tr\/wp-json\/wp\/v2\/posts\/2246","targetHints":{"allow":["GET"]}}],"collection":[{"href":"https:\/\/ikk.org.tr\/tr\/wp-json\/wp\/v2\/posts"}],"about":[{"href":"https:\/\/ikk.org.tr\/tr\/wp-json\/wp\/v2\/types\/post"}],"author":[{"embeddable":true,"href":"https:\/\/ikk.org.tr\/tr\/wp-json\/wp\/v2\/users\/1"}],"replies":[{"embeddable":true,"href":"https:\/\/ikk.org.tr\/tr\/wp-json\/wp\/v2\/comments?post=2246"}],"version-history":[{"count":0,"href":"https:\/\/ikk.org.tr\/tr\/wp-json\/wp\/v2\/posts\/2246\/revisions"}],"wp:attachment":[{"href":"https:\/\/ikk.org.tr\/tr\/wp-json\/wp\/v2\/media?parent=2246"}],"wp:term":[{"taxonomy":"category","embeddable":true,"href":"https:\/\/ikk.org.tr\/tr\/wp-json\/wp\/v2\/categories?post=2246"},{"taxonomy":"post_tag","embeddable":true,"href":"https:\/\/ikk.org.tr\/tr\/wp-json\/wp\/v2\/tags?post=2246"}],"curies":[{"name":"wp","href":"https:\/\/api.w.org\/{rel}","templated":true}]}}